{"id":951,"date":"2024-12-06T10:05:26","date_gmt":"2024-12-06T10:05:26","guid":{"rendered":"https:\/\/www.alpenhotelrabbi.it\/2024\/12\/06\/biscotti-alla-vaniglia\/"},"modified":"2024-12-06T12:08:59","modified_gmt":"2024-12-06T12:08:59","slug":"vanillekekse","status":"publish","type":"post","link":"https:\/\/www.alpenhotelrabbi.it\/de\/2024\/12\/06\/vanillekekse\/","title":{"rendered":"Vanillekekse"},"content":{"rendered":"<p style=\"font-weight: 400;\">Manchmal fragt ihr mich, welches Essen ich gerne koche.<\/p>\n<p>In den Tagen vor Weihnachten backe ich am liebsten Kekse und S\u00fc\u00dfigkeiten im Allgemeinen.<br \/>\nDer Duft, den sie verbreiten, macht das Haus warm und einladend, er w\u00e4rmt das Herz.<\/p>\n<p>Man hat Lust auf eine kleine Pause, mit einer dampfenden Tasse Tee oder hei\u00dfer Schokolade.<br \/>\nUnd wenn dann noch duftende Kekse in der N\u00e4he sind, wird alles magisch.<\/p>\n","protected":false},"excerpt":{"rendered":"<p>Manchmal fragt ihr mich, welches Essen ich gerne koche. In den Tagen vor Weihnachten backe ich am liebsten Kekse und S\u00fc\u00dfigkeiten im Allgemeinen. Der Duft, den sie verbreiten, macht das Haus warm und einladend, er w\u00e4rmt das Herz. Man hat Lust auf eine kleine Pause, mit einer dampfenden Tasse Tee oder hei\u00dfer Schokolade. Und wenn [&hellip;]<\/p>\n","protected":false},"author":11,"featured_media":0,"comment_status":"open","ping_status":"open","sticky":false,"template":"","format":"standard","meta":{"footnotes":""},"categories":[30],"tags":[],"class_list":["post-951","post","type-post","status-publish","format-standard","hentry","category-nachtisch"],"yoast_head":"<!-- This site is optimized with the Yoast SEO plugin v27.3 - https:\/\/yoast.com\/product\/yoast-seo-wordpress\/ -->\n<title>Vanillekekse - Alpen Hotel Rabbi<\/title>\n<meta name=\"description\" content=\"Manchmal fragt ihr mich, welches Essen ich gerne koche. In den Tagen vor Weihnachten backe ich am liebsten Kekse und S\u00fc\u00dfigkeiten im Allgemeinen. Der Duft, den sie verbreiten, macht das Haus warm und einladend, er w\u00e4rmt das Herz.  Man hat Lust auf eine kleine Pause, mit einer dampfenden Tasse Tee oder hei\u00dfer Schokolade. Und wenn dann noch duftende Kekse in der N\u00e4he sind, wird alles magisch..\" \/>\n<meta name=\"robots\" content=\"index, follow, max-snippet:-1, max-image-preview:large, max-video-preview:-1\" \/>\n<link rel=\"canonical\" href=\"https:\/\/www.alpenhotelrabbi.it\/de\/2024\/12\/06\/vanillekekse\/\" \/>\n<meta property=\"og:locale\" content=\"de_DE\" \/>\n<meta property=\"og:type\" content=\"article\" \/>\n<meta property=\"og:title\" content=\"Vanillekekse - Alpen Hotel Rabbi\" \/>\n<meta property=\"og:description\" content=\"Manchmal fragt ihr mich, welches Essen ich gerne koche. In den Tagen vor Weihnachten backe ich am liebsten Kekse und S\u00fc\u00dfigkeiten im Allgemeinen. Der Duft, den sie verbreiten, macht das Haus warm und einladend, er w\u00e4rmt das Herz.  Man hat Lust auf eine kleine Pause, mit einer dampfenden Tasse Tee oder hei\u00dfer Schokolade. Und wenn dann noch duftende Kekse in der N\u00e4he sind, wird alles magisch..\" \/>\n<meta property=\"og:url\" content=\"https:\/\/www.alpenhotelrabbi.it\/de\/2024\/12\/06\/vanillekekse\/\" \/>\n<meta property=\"og:site_name\" content=\"Alpen Hotel Rabbi\" \/>\n<meta property=\"article:published_time\" content=\"2024-12-06T10:05:26+00:00\" \/>\n<meta property=\"article:modified_time\" content=\"2024-12-06T12:08:59+00:00\" \/>\n<meta name=\"author\" content=\"aboscaro\" \/>\n<meta name=\"twitter:card\" content=\"summary_large_image\" \/>\n<meta name=\"twitter:label1\" content=\"Verfasst von\" \/>\n\t<meta name=\"twitter:data1\" content=\"aboscaro\" \/>\n\t<meta name=\"twitter:label2\" content=\"Gesch\u00e4tzte Lesezeit\" \/>\n\t<meta name=\"twitter:data2\" content=\"1 Minute\" \/>\n<script type=\"application\/ld+json\" class=\"yoast-schema-graph\">{\"@context\":\"https:\\\/\\\/schema.org\",\"@graph\":[{\"@type\":\"Article\",\"@id\":\"https:\\\/\\\/www.alpenhotelrabbi.it\\\/de\\\/2024\\\/12\\\/06\\\/vanillekekse\\\/#article\",\"isPartOf\":{\"@id\":\"https:\\\/\\\/www.alpenhotelrabbi.it\\\/de\\\/2024\\\/12\\\/06\\\/vanillekekse\\\/\"},\"author\":{\"name\":\"aboscaro\",\"@id\":\"https:\\\/\\\/www.alpenhotelrabbi.it\\\/de\\\/#\\\/schema\\\/person\\\/80c68ca87e2304bd5a0e6527e9c89bef\"},\"headline\":\"Vanillekekse\",\"datePublished\":\"2024-12-06T10:05:26+00:00\",\"dateModified\":\"2024-12-06T12:08:59+00:00\",\"mainEntityOfPage\":{\"@id\":\"https:\\\/\\\/www.alpenhotelrabbi.it\\\/de\\\/2024\\\/12\\\/06\\\/vanillekekse\\\/\"},\"wordCount\":71,\"commentCount\":0,\"articleSection\":[\"Nachtisch\"],\"inLanguage\":\"de-DE\",\"potentialAction\":[{\"@type\":\"CommentAction\",\"name\":\"Comment\",\"target\":[\"https:\\\/\\\/www.alpenhotelrabbi.it\\\/de\\\/2024\\\/12\\\/06\\\/vanillekekse\\\/#respond\"]}]},{\"@type\":\"WebPage\",\"@id\":\"https:\\\/\\\/www.alpenhotelrabbi.it\\\/de\\\/2024\\\/12\\\/06\\\/vanillekekse\\\/\",\"url\":\"https:\\\/\\\/www.alpenhotelrabbi.it\\\/de\\\/2024\\\/12\\\/06\\\/vanillekekse\\\/\",\"name\":\"Vanillekekse - Alpen Hotel Rabbi\",\"isPartOf\":{\"@id\":\"https:\\\/\\\/www.alpenhotelrabbi.it\\\/de\\\/#website\"},\"datePublished\":\"2024-12-06T10:05:26+00:00\",\"dateModified\":\"2024-12-06T12:08:59+00:00\",\"author\":{\"@id\":\"https:\\\/\\\/www.alpenhotelrabbi.it\\\/de\\\/#\\\/schema\\\/person\\\/80c68ca87e2304bd5a0e6527e9c89bef\"},\"description\":\"Manchmal fragt ihr mich, welches Essen ich gerne koche. In den Tagen vor Weihnachten backe ich am liebsten Kekse und S\u00fc\u00dfigkeiten im Allgemeinen. Der Duft, den sie verbreiten, macht das Haus warm und einladend, er w\u00e4rmt das Herz. Man hat Lust auf eine kleine Pause, mit einer dampfenden Tasse Tee oder hei\u00dfer Schokolade. Und wenn dann noch duftende Kekse in der N\u00e4he sind, wird alles magisch..\",\"breadcrumb\":{\"@id\":\"https:\\\/\\\/www.alpenhotelrabbi.it\\\/de\\\/2024\\\/12\\\/06\\\/vanillekekse\\\/#breadcrumb\"},\"inLanguage\":\"de-DE\",\"potentialAction\":[{\"@type\":\"ReadAction\",\"target\":[\"https:\\\/\\\/www.alpenhotelrabbi.it\\\/de\\\/2024\\\/12\\\/06\\\/vanillekekse\\\/\"]}]},{\"@type\":\"BreadcrumbList\",\"@id\":\"https:\\\/\\\/www.alpenhotelrabbi.it\\\/de\\\/2024\\\/12\\\/06\\\/vanillekekse\\\/#breadcrumb\",\"itemListElement\":[{\"@type\":\"ListItem\",\"position\":1,\"name\":\"Home\",\"item\":\"https:\\\/\\\/www.alpenhotelrabbi.it\\\/de\\\/\"},{\"@type\":\"ListItem\",\"position\":2,\"name\":\"Vanillekekse\"}]},{\"@type\":\"WebSite\",\"@id\":\"https:\\\/\\\/www.alpenhotelrabbi.it\\\/de\\\/#website\",\"url\":\"https:\\\/\\\/www.alpenhotelrabbi.it\\\/de\\\/\",\"name\":\"Alpen Hotel Rabbi\",\"description\":\"\",\"potentialAction\":[{\"@type\":\"SearchAction\",\"target\":{\"@type\":\"EntryPoint\",\"urlTemplate\":\"https:\\\/\\\/www.alpenhotelrabbi.it\\\/de\\\/?s={search_term_string}\"},\"query-input\":{\"@type\":\"PropertyValueSpecification\",\"valueRequired\":true,\"valueName\":\"search_term_string\"}}],\"inLanguage\":\"de-DE\"},{\"@type\":\"Person\",\"@id\":\"https:\\\/\\\/www.alpenhotelrabbi.it\\\/de\\\/#\\\/schema\\\/person\\\/80c68ca87e2304bd5a0e6527e9c89bef\",\"name\":\"aboscaro\",\"image\":{\"@type\":\"ImageObject\",\"inLanguage\":\"de-DE\",\"@id\":\"https:\\\/\\\/secure.gravatar.com\\\/avatar\\\/4a5bba811e42efc2b788b99a173a4bd294a6f5fbe0c1c11b1d6b89922abcfe66?s=96&d=mm&r=g\",\"url\":\"https:\\\/\\\/secure.gravatar.com\\\/avatar\\\/4a5bba811e42efc2b788b99a173a4bd294a6f5fbe0c1c11b1d6b89922abcfe66?s=96&d=mm&r=g\",\"contentUrl\":\"https:\\\/\\\/secure.gravatar.com\\\/avatar\\\/4a5bba811e42efc2b788b99a173a4bd294a6f5fbe0c1c11b1d6b89922abcfe66?s=96&d=mm&r=g\",\"caption\":\"aboscaro\"},\"url\":\"https:\\\/\\\/www.alpenhotelrabbi.it\\\/de\\\/author\\\/aboscaro\\\/\"}]}<\/script>\n<!-- \/ Yoast SEO plugin. -->","yoast_head_json":{"title":"Vanillekekse - Alpen Hotel Rabbi","description":"Manchmal fragt ihr mich, welches Essen ich gerne koche. In den Tagen vor Weihnachten backe ich am liebsten Kekse und S\u00fc\u00dfigkeiten im Allgemeinen. Der Duft, den sie verbreiten, macht das Haus warm und einladend, er w\u00e4rmt das Herz.  Man hat Lust auf eine kleine Pause, mit einer dampfenden Tasse Tee oder hei\u00dfer Schokolade. Und wenn dann noch duftende Kekse in der N\u00e4he sind, wird alles magisch..","robots":{"index":"index","follow":"follow","max-snippet":"max-snippet:-1","max-image-preview":"max-image-preview:large","max-video-preview":"max-video-preview:-1"},"canonical":"https:\/\/www.alpenhotelrabbi.it\/de\/2024\/12\/06\/vanillekekse\/","og_locale":"de_DE","og_type":"article","og_title":"Vanillekekse - Alpen Hotel Rabbi","og_description":"Manchmal fragt ihr mich, welches Essen ich gerne koche. In den Tagen vor Weihnachten backe ich am liebsten Kekse und S\u00fc\u00dfigkeiten im Allgemeinen. Der Duft, den sie verbreiten, macht das Haus warm und einladend, er w\u00e4rmt das Herz.  Man hat Lust auf eine kleine Pause, mit einer dampfenden Tasse Tee oder hei\u00dfer Schokolade. Und wenn dann noch duftende Kekse in der N\u00e4he sind, wird alles magisch..","og_url":"https:\/\/www.alpenhotelrabbi.it\/de\/2024\/12\/06\/vanillekekse\/","og_site_name":"Alpen Hotel Rabbi","article_published_time":"2024-12-06T10:05:26+00:00","article_modified_time":"2024-12-06T12:08:59+00:00","author":"aboscaro","twitter_card":"summary_large_image","twitter_misc":{"Verfasst von":"aboscaro","Gesch\u00e4tzte Lesezeit":"1 Minute"},"schema":{"@context":"https:\/\/schema.org","@graph":[{"@type":"Article","@id":"https:\/\/www.alpenhotelrabbi.it\/de\/2024\/12\/06\/vanillekekse\/#article","isPartOf":{"@id":"https:\/\/www.alpenhotelrabbi.it\/de\/2024\/12\/06\/vanillekekse\/"},"author":{"name":"aboscaro","@id":"https:\/\/www.alpenhotelrabbi.it\/de\/#\/schema\/person\/80c68ca87e2304bd5a0e6527e9c89bef"},"headline":"Vanillekekse","datePublished":"2024-12-06T10:05:26+00:00","dateModified":"2024-12-06T12:08:59+00:00","mainEntityOfPage":{"@id":"https:\/\/www.alpenhotelrabbi.it\/de\/2024\/12\/06\/vanillekekse\/"},"wordCount":71,"commentCount":0,"articleSection":["Nachtisch"],"inLanguage":"de-DE","potentialAction":[{"@type":"CommentAction","name":"Comment","target":["https:\/\/www.alpenhotelrabbi.it\/de\/2024\/12\/06\/vanillekekse\/#respond"]}]},{"@type":"WebPage","@id":"https:\/\/www.alpenhotelrabbi.it\/de\/2024\/12\/06\/vanillekekse\/","url":"https:\/\/www.alpenhotelrabbi.it\/de\/2024\/12\/06\/vanillekekse\/","name":"Vanillekekse - Alpen Hotel Rabbi","isPartOf":{"@id":"https:\/\/www.alpenhotelrabbi.it\/de\/#website"},"datePublished":"2024-12-06T10:05:26+00:00","dateModified":"2024-12-06T12:08:59+00:00","author":{"@id":"https:\/\/www.alpenhotelrabbi.it\/de\/#\/schema\/person\/80c68ca87e2304bd5a0e6527e9c89bef"},"description":"Manchmal fragt ihr mich, welches Essen ich gerne koche. In den Tagen vor Weihnachten backe ich am liebsten Kekse und S\u00fc\u00dfigkeiten im Allgemeinen. Der Duft, den sie verbreiten, macht das Haus warm und einladend, er w\u00e4rmt das Herz. Man hat Lust auf eine kleine Pause, mit einer dampfenden Tasse Tee oder hei\u00dfer Schokolade. Und wenn dann noch duftende Kekse in der N\u00e4he sind, wird alles magisch..","breadcrumb":{"@id":"https:\/\/www.alpenhotelrabbi.it\/de\/2024\/12\/06\/vanillekekse\/#breadcrumb"},"inLanguage":"de-DE","potentialAction":[{"@type":"ReadAction","target":["https:\/\/www.alpenhotelrabbi.it\/de\/2024\/12\/06\/vanillekekse\/"]}]},{"@type":"BreadcrumbList","@id":"https:\/\/www.alpenhotelrabbi.it\/de\/2024\/12\/06\/vanillekekse\/#breadcrumb","itemListElement":[{"@type":"ListItem","position":1,"name":"Home","item":"https:\/\/www.alpenhotelrabbi.it\/de\/"},{"@type":"ListItem","position":2,"name":"Vanillekekse"}]},{"@type":"WebSite","@id":"https:\/\/www.alpenhotelrabbi.it\/de\/#website","url":"https:\/\/www.alpenhotelrabbi.it\/de\/","name":"Alpen Hotel Rabbi","description":"","potentialAction":[{"@type":"SearchAction","target":{"@type":"EntryPoint","urlTemplate":"https:\/\/www.alpenhotelrabbi.it\/de\/?s={search_term_string}"},"query-input":{"@type":"PropertyValueSpecification","valueRequired":true,"valueName":"search_term_string"}}],"inLanguage":"de-DE"},{"@type":"Person","@id":"https:\/\/www.alpenhotelrabbi.it\/de\/#\/schema\/person\/80c68ca87e2304bd5a0e6527e9c89bef","name":"aboscaro","image":{"@type":"ImageObject","inLanguage":"de-DE","@id":"https:\/\/secure.gravatar.com\/avatar\/4a5bba811e42efc2b788b99a173a4bd294a6f5fbe0c1c11b1d6b89922abcfe66?s=96&d=mm&r=g","url":"https:\/\/secure.gravatar.com\/avatar\/4a5bba811e42efc2b788b99a173a4bd294a6f5fbe0c1c11b1d6b89922abcfe66?s=96&d=mm&r=g","contentUrl":"https:\/\/secure.gravatar.com\/avatar\/4a5bba811e42efc2b788b99a173a4bd294a6f5fbe0c1c11b1d6b89922abcfe66?s=96&d=mm&r=g","caption":"aboscaro"},"url":"https:\/\/www.alpenhotelrabbi.it\/de\/author\/aboscaro\/"}]}},"acf":[],"_links":{"self":[{"href":"https:\/\/www.alpenhotelrabbi.it\/de\/wp-json\/wp\/v2\/posts\/951","targetHints":{"allow":["GET"]}}],"collection":[{"href":"https:\/\/www.alpenhotelrabbi.it\/de\/wp-json\/wp\/v2\/posts"}],"about":[{"href":"https:\/\/www.alpenhotelrabbi.it\/de\/wp-json\/wp\/v2\/types\/post"}],"author":[{"embeddable":true,"href":"https:\/\/www.alpenhotelrabbi.it\/de\/wp-json\/wp\/v2\/users\/11"}],"replies":[{"embeddable":true,"href":"https:\/\/www.alpenhotelrabbi.it\/de\/wp-json\/wp\/v2\/comments?post=951"}],"version-history":[{"count":0,"href":"https:\/\/www.alpenhotelrabbi.it\/de\/wp-json\/wp\/v2\/posts\/951\/revisions"}],"wp:attachment":[{"href":"https:\/\/www.alpenhotelrabbi.it\/de\/wp-json\/wp\/v2\/media?parent=951"}],"wp:term":[{"taxonomy":"category","embeddable":true,"href":"https:\/\/www.alpenhotelrabbi.it\/de\/wp-json\/wp\/v2\/categories?post=951"},{"taxonomy":"post_tag","embeddable":true,"href":"https:\/\/www.alpenhotelrabbi.it\/de\/wp-json\/wp\/v2\/tags?post=951"}],"curies":[{"name":"wp","href":"https:\/\/api.w.org\/{rel}","templated":true}]}}