{"id":810,"date":"2023-05-20T18:02:14","date_gmt":"2023-05-20T18:02:14","guid":{"rendered":"https:\/\/www.alpenhotelrabbi.it\/?p=810"},"modified":"2023-05-20T18:02:14","modified_gmt":"2023-05-20T18:02:14","slug":"suesse-focaccia","status":"publish","type":"post","link":"https:\/\/www.alpenhotelrabbi.it\/de\/2023\/05\/20\/suesse-focaccia\/","title":{"rendered":"S\u00fc\u00dfe Focaccia"},"content":{"rendered":"<p>Hallo zusammen!<\/p>\n<p>Ich m\u00f6chte meine starke Sehnsucht nach Sonnenschein und vor allem danach, den Fr\u00fchling und die wunderbaren Tage im Mai zu genie\u00dfen, nicht verbergen! Aber stattdessen&#8230; regnet es weiterhin, und es ist sogar kalt! Also muss man sich etwas einfallen lassen, um sich nicht zu langweilen. Ich wollte schon seit l\u00e4ngerem ein s\u00fc\u00dfes Hefebrot zum Fr\u00fchst\u00fcck backen, und schlie\u00dflich hat mir ein Freund sein Rezept vorgeschlagen. Okay, lasst es uns ausprobieren, habe ich mir gedacht. Ich habe nach den Mengenangaben gefragt, aber das einzige, das sicher ist, ist die Hefe!<\/p>\n<p>Jedoch, mit etwas Geduld und meiner Erfahrung (was zum Lachen ist), entstand die s\u00fc\u00dfe Focaccia, die ich euch heute pr\u00e4sentiere! Probiert sie aus, sie schmeckt zum Fr\u00fchst\u00fcck absolut k\u00f6stlich!!! Heute habe ich sie meinen G\u00e4sten serviert, und sie haben keinen Kr\u00fcmel \u00fcbrig gelassen!<\/p>\n","protected":false},"excerpt":{"rendered":"<p>Hallo zusammen! Ich m\u00f6chte meine starke Sehnsucht nach Sonnenschein und vor allem danach, den Fr\u00fchling und die wunderbaren Tage im Mai zu genie\u00dfen, nicht verbergen! Aber stattdessen&#8230; regnet es weiterhin, und es ist sogar kalt! Also muss man sich etwas einfallen lassen, um sich nicht zu langweilen. Ich wollte schon seit l\u00e4ngerem ein s\u00fc\u00dfes Hefebrot [&hellip;]<\/p>\n","protected":false},"author":11,"featured_media":0,"comment_status":"open","ping_status":"open","sticky":false,"template":"","format":"standard","meta":{"footnotes":""},"categories":[30,26],"tags":[73],"class_list":["post-810","post","type-post","status-publish","format-standard","hentry","category-nachtisch","category-pane","tag-nachtisch"],"yoast_head":"<!-- This site is optimized with the Yoast SEO plugin v27.3 - https:\/\/yoast.com\/product\/yoast-seo-wordpress\/ -->\n<title>S\u00fc\u00dfe Focaccia - Alpen Hotel Rabbi<\/title>\n<meta name=\"description\" content=\"Hallo zusammen!  Ich m\u00f6chte meine starke Sehnsucht nach Sonnenschein und vor allem danach, den Fr\u00fchling und die wunderbaren Tage im Mai zu genie\u00dfen, nicht verbergen! Aber stattdessen... regnet es weiterhin, und es ist sogar kalt! Also muss man sich etwas einfallen lassen, um sich nicht zu langweilen\" \/>\n<meta name=\"robots\" content=\"index, follow, max-snippet:-1, max-image-preview:large, max-video-preview:-1\" \/>\n<link rel=\"canonical\" href=\"https:\/\/www.alpenhotelrabbi.it\/de\/2023\/05\/20\/suesse-focaccia\/\" \/>\n<meta property=\"og:locale\" content=\"de_DE\" \/>\n<meta property=\"og:type\" content=\"article\" \/>\n<meta property=\"og:title\" content=\"S\u00fc\u00dfe Focaccia - Alpen Hotel Rabbi\" \/>\n<meta property=\"og:description\" content=\"Hallo zusammen!  Ich m\u00f6chte meine starke Sehnsucht nach Sonnenschein und vor allem danach, den Fr\u00fchling und die wunderbaren Tage im Mai zu genie\u00dfen, nicht verbergen! Aber stattdessen... regnet es weiterhin, und es ist sogar kalt! Also muss man sich etwas einfallen lassen, um sich nicht zu langweilen\" \/>\n<meta property=\"og:url\" content=\"https:\/\/www.alpenhotelrabbi.it\/de\/2023\/05\/20\/suesse-focaccia\/\" \/>\n<meta property=\"og:site_name\" content=\"Alpen Hotel Rabbi\" \/>\n<meta property=\"article:published_time\" content=\"2023-05-20T18:02:14+00:00\" \/>\n<meta name=\"author\" content=\"aboscaro\" \/>\n<meta name=\"twitter:card\" content=\"summary_large_image\" \/>\n<meta name=\"twitter:label1\" content=\"Verfasst von\" \/>\n\t<meta name=\"twitter:data1\" content=\"aboscaro\" \/>\n\t<meta name=\"twitter:label2\" content=\"Gesch\u00e4tzte Lesezeit\" \/>\n\t<meta name=\"twitter:data2\" content=\"1 Minute\" \/>\n<script type=\"application\/ld+json\" class=\"yoast-schema-graph\">{\"@context\":\"https:\\\/\\\/schema.org\",\"@graph\":[{\"@type\":\"Article\",\"@id\":\"https:\\\/\\\/www.alpenhotelrabbi.it\\\/de\\\/2023\\\/05\\\/20\\\/suesse-focaccia\\\/#article\",\"isPartOf\":{\"@id\":\"https:\\\/\\\/www.alpenhotelrabbi.it\\\/de\\\/2023\\\/05\\\/20\\\/suesse-focaccia\\\/\"},\"author\":{\"name\":\"aboscaro\",\"@id\":\"https:\\\/\\\/www.alpenhotelrabbi.it\\\/de\\\/#\\\/schema\\\/person\\\/80c68ca87e2304bd5a0e6527e9c89bef\"},\"headline\":\"S\u00fc\u00dfe Focaccia\",\"datePublished\":\"2023-05-20T18:02:14+00:00\",\"mainEntityOfPage\":{\"@id\":\"https:\\\/\\\/www.alpenhotelrabbi.it\\\/de\\\/2023\\\/05\\\/20\\\/suesse-focaccia\\\/\"},\"wordCount\":152,\"commentCount\":0,\"keywords\":[\"Nachtisch\"],\"articleSection\":[\"Nachtisch\",\"Panificati\"],\"inLanguage\":\"de-DE\",\"potentialAction\":[{\"@type\":\"CommentAction\",\"name\":\"Comment\",\"target\":[\"https:\\\/\\\/www.alpenhotelrabbi.it\\\/de\\\/2023\\\/05\\\/20\\\/suesse-focaccia\\\/#respond\"]}]},{\"@type\":\"WebPage\",\"@id\":\"https:\\\/\\\/www.alpenhotelrabbi.it\\\/de\\\/2023\\\/05\\\/20\\\/suesse-focaccia\\\/\",\"url\":\"https:\\\/\\\/www.alpenhotelrabbi.it\\\/de\\\/2023\\\/05\\\/20\\\/suesse-focaccia\\\/\",\"name\":\"S\u00fc\u00dfe Focaccia - Alpen Hotel Rabbi\",\"isPartOf\":{\"@id\":\"https:\\\/\\\/www.alpenhotelrabbi.it\\\/de\\\/#website\"},\"datePublished\":\"2023-05-20T18:02:14+00:00\",\"author\":{\"@id\":\"https:\\\/\\\/www.alpenhotelrabbi.it\\\/de\\\/#\\\/schema\\\/person\\\/80c68ca87e2304bd5a0e6527e9c89bef\"},\"description\":\"Hallo zusammen! Ich m\u00f6chte meine starke Sehnsucht nach Sonnenschein und vor allem danach, den Fr\u00fchling und die wunderbaren Tage im Mai zu genie\u00dfen, nicht verbergen! Aber stattdessen... regnet es weiterhin, und es ist sogar kalt! Also muss man sich etwas einfallen lassen, um sich nicht zu langweilen\",\"breadcrumb\":{\"@id\":\"https:\\\/\\\/www.alpenhotelrabbi.it\\\/de\\\/2023\\\/05\\\/20\\\/suesse-focaccia\\\/#breadcrumb\"},\"inLanguage\":\"de-DE\",\"potentialAction\":[{\"@type\":\"ReadAction\",\"target\":[\"https:\\\/\\\/www.alpenhotelrabbi.it\\\/de\\\/2023\\\/05\\\/20\\\/suesse-focaccia\\\/\"]}]},{\"@type\":\"BreadcrumbList\",\"@id\":\"https:\\\/\\\/www.alpenhotelrabbi.it\\\/de\\\/2023\\\/05\\\/20\\\/suesse-focaccia\\\/#breadcrumb\",\"itemListElement\":[{\"@type\":\"ListItem\",\"position\":1,\"name\":\"Home\",\"item\":\"https:\\\/\\\/www.alpenhotelrabbi.it\\\/de\\\/\"},{\"@type\":\"ListItem\",\"position\":2,\"name\":\"S\u00fc\u00dfe Focaccia\"}]},{\"@type\":\"WebSite\",\"@id\":\"https:\\\/\\\/www.alpenhotelrabbi.it\\\/de\\\/#website\",\"url\":\"https:\\\/\\\/www.alpenhotelrabbi.it\\\/de\\\/\",\"name\":\"Alpen Hotel Rabbi\",\"description\":\"\",\"potentialAction\":[{\"@type\":\"SearchAction\",\"target\":{\"@type\":\"EntryPoint\",\"urlTemplate\":\"https:\\\/\\\/www.alpenhotelrabbi.it\\\/de\\\/?s={search_term_string}\"},\"query-input\":{\"@type\":\"PropertyValueSpecification\",\"valueRequired\":true,\"valueName\":\"search_term_string\"}}],\"inLanguage\":\"de-DE\"},{\"@type\":\"Person\",\"@id\":\"https:\\\/\\\/www.alpenhotelrabbi.it\\\/de\\\/#\\\/schema\\\/person\\\/80c68ca87e2304bd5a0e6527e9c89bef\",\"name\":\"aboscaro\",\"image\":{\"@type\":\"ImageObject\",\"inLanguage\":\"de-DE\",\"@id\":\"https:\\\/\\\/secure.gravatar.com\\\/avatar\\\/4a5bba811e42efc2b788b99a173a4bd294a6f5fbe0c1c11b1d6b89922abcfe66?s=96&d=mm&r=g\",\"url\":\"https:\\\/\\\/secure.gravatar.com\\\/avatar\\\/4a5bba811e42efc2b788b99a173a4bd294a6f5fbe0c1c11b1d6b89922abcfe66?s=96&d=mm&r=g\",\"contentUrl\":\"https:\\\/\\\/secure.gravatar.com\\\/avatar\\\/4a5bba811e42efc2b788b99a173a4bd294a6f5fbe0c1c11b1d6b89922abcfe66?s=96&d=mm&r=g\",\"caption\":\"aboscaro\"},\"url\":\"https:\\\/\\\/www.alpenhotelrabbi.it\\\/de\\\/author\\\/aboscaro\\\/\"}]}<\/script>\n<!-- \/ Yoast SEO plugin. -->","yoast_head_json":{"title":"S\u00fc\u00dfe Focaccia - Alpen Hotel Rabbi","description":"Hallo zusammen!  Ich m\u00f6chte meine starke Sehnsucht nach Sonnenschein und vor allem danach, den Fr\u00fchling und die wunderbaren Tage im Mai zu genie\u00dfen, nicht verbergen! Aber stattdessen... regnet es weiterhin, und es ist sogar kalt! Also muss man sich etwas einfallen lassen, um sich nicht zu langweilen","robots":{"index":"index","follow":"follow","max-snippet":"max-snippet:-1","max-image-preview":"max-image-preview:large","max-video-preview":"max-video-preview:-1"},"canonical":"https:\/\/www.alpenhotelrabbi.it\/de\/2023\/05\/20\/suesse-focaccia\/","og_locale":"de_DE","og_type":"article","og_title":"S\u00fc\u00dfe Focaccia - Alpen Hotel Rabbi","og_description":"Hallo zusammen!  Ich m\u00f6chte meine starke Sehnsucht nach Sonnenschein und vor allem danach, den Fr\u00fchling und die wunderbaren Tage im Mai zu genie\u00dfen, nicht verbergen! Aber stattdessen... regnet es weiterhin, und es ist sogar kalt! Also muss man sich etwas einfallen lassen, um sich nicht zu langweilen","og_url":"https:\/\/www.alpenhotelrabbi.it\/de\/2023\/05\/20\/suesse-focaccia\/","og_site_name":"Alpen Hotel Rabbi","article_published_time":"2023-05-20T18:02:14+00:00","author":"aboscaro","twitter_card":"summary_large_image","twitter_misc":{"Verfasst von":"aboscaro","Gesch\u00e4tzte Lesezeit":"1 Minute"},"schema":{"@context":"https:\/\/schema.org","@graph":[{"@type":"Article","@id":"https:\/\/www.alpenhotelrabbi.it\/de\/2023\/05\/20\/suesse-focaccia\/#article","isPartOf":{"@id":"https:\/\/www.alpenhotelrabbi.it\/de\/2023\/05\/20\/suesse-focaccia\/"},"author":{"name":"aboscaro","@id":"https:\/\/www.alpenhotelrabbi.it\/de\/#\/schema\/person\/80c68ca87e2304bd5a0e6527e9c89bef"},"headline":"S\u00fc\u00dfe Focaccia","datePublished":"2023-05-20T18:02:14+00:00","mainEntityOfPage":{"@id":"https:\/\/www.alpenhotelrabbi.it\/de\/2023\/05\/20\/suesse-focaccia\/"},"wordCount":152,"commentCount":0,"keywords":["Nachtisch"],"articleSection":["Nachtisch","Panificati"],"inLanguage":"de-DE","potentialAction":[{"@type":"CommentAction","name":"Comment","target":["https:\/\/www.alpenhotelrabbi.it\/de\/2023\/05\/20\/suesse-focaccia\/#respond"]}]},{"@type":"WebPage","@id":"https:\/\/www.alpenhotelrabbi.it\/de\/2023\/05\/20\/suesse-focaccia\/","url":"https:\/\/www.alpenhotelrabbi.it\/de\/2023\/05\/20\/suesse-focaccia\/","name":"S\u00fc\u00dfe Focaccia - Alpen Hotel Rabbi","isPartOf":{"@id":"https:\/\/www.alpenhotelrabbi.it\/de\/#website"},"datePublished":"2023-05-20T18:02:14+00:00","author":{"@id":"https:\/\/www.alpenhotelrabbi.it\/de\/#\/schema\/person\/80c68ca87e2304bd5a0e6527e9c89bef"},"description":"Hallo zusammen! Ich m\u00f6chte meine starke Sehnsucht nach Sonnenschein und vor allem danach, den Fr\u00fchling und die wunderbaren Tage im Mai zu genie\u00dfen, nicht verbergen! Aber stattdessen... regnet es weiterhin, und es ist sogar kalt! Also muss man sich etwas einfallen lassen, um sich nicht zu langweilen","breadcrumb":{"@id":"https:\/\/www.alpenhotelrabbi.it\/de\/2023\/05\/20\/suesse-focaccia\/#breadcrumb"},"inLanguage":"de-DE","potentialAction":[{"@type":"ReadAction","target":["https:\/\/www.alpenhotelrabbi.it\/de\/2023\/05\/20\/suesse-focaccia\/"]}]},{"@type":"BreadcrumbList","@id":"https:\/\/www.alpenhotelrabbi.it\/de\/2023\/05\/20\/suesse-focaccia\/#breadcrumb","itemListElement":[{"@type":"ListItem","position":1,"name":"Home","item":"https:\/\/www.alpenhotelrabbi.it\/de\/"},{"@type":"ListItem","position":2,"name":"S\u00fc\u00dfe Focaccia"}]},{"@type":"WebSite","@id":"https:\/\/www.alpenhotelrabbi.it\/de\/#website","url":"https:\/\/www.alpenhotelrabbi.it\/de\/","name":"Alpen Hotel Rabbi","description":"","potentialAction":[{"@type":"SearchAction","target":{"@type":"EntryPoint","urlTemplate":"https:\/\/www.alpenhotelrabbi.it\/de\/?s={search_term_string}"},"query-input":{"@type":"PropertyValueSpecification","valueRequired":true,"valueName":"search_term_string"}}],"inLanguage":"de-DE"},{"@type":"Person","@id":"https:\/\/www.alpenhotelrabbi.it\/de\/#\/schema\/person\/80c68ca87e2304bd5a0e6527e9c89bef","name":"aboscaro","image":{"@type":"ImageObject","inLanguage":"de-DE","@id":"https:\/\/secure.gravatar.com\/avatar\/4a5bba811e42efc2b788b99a173a4bd294a6f5fbe0c1c11b1d6b89922abcfe66?s=96&d=mm&r=g","url":"https:\/\/secure.gravatar.com\/avatar\/4a5bba811e42efc2b788b99a173a4bd294a6f5fbe0c1c11b1d6b89922abcfe66?s=96&d=mm&r=g","contentUrl":"https:\/\/secure.gravatar.com\/avatar\/4a5bba811e42efc2b788b99a173a4bd294a6f5fbe0c1c11b1d6b89922abcfe66?s=96&d=mm&r=g","caption":"aboscaro"},"url":"https:\/\/www.alpenhotelrabbi.it\/de\/author\/aboscaro\/"}]}},"acf":[],"_links":{"self":[{"href":"https:\/\/www.alpenhotelrabbi.it\/de\/wp-json\/wp\/v2\/posts\/810","targetHints":{"allow":["GET"]}}],"collection":[{"href":"https:\/\/www.alpenhotelrabbi.it\/de\/wp-json\/wp\/v2\/posts"}],"about":[{"href":"https:\/\/www.alpenhotelrabbi.it\/de\/wp-json\/wp\/v2\/types\/post"}],"author":[{"embeddable":true,"href":"https:\/\/www.alpenhotelrabbi.it\/de\/wp-json\/wp\/v2\/users\/11"}],"replies":[{"embeddable":true,"href":"https:\/\/www.alpenhotelrabbi.it\/de\/wp-json\/wp\/v2\/comments?post=810"}],"version-history":[{"count":0,"href":"https:\/\/www.alpenhotelrabbi.it\/de\/wp-json\/wp\/v2\/posts\/810\/revisions"}],"wp:attachment":[{"href":"https:\/\/www.alpenhotelrabbi.it\/de\/wp-json\/wp\/v2\/media?parent=810"}],"wp:term":[{"taxonomy":"category","embeddable":true,"href":"https:\/\/www.alpenhotelrabbi.it\/de\/wp-json\/wp\/v2\/categories?post=810"},{"taxonomy":"post_tag","embeddable":true,"href":"https:\/\/www.alpenhotelrabbi.it\/de\/wp-json\/wp\/v2\/tags?post=810"}],"curies":[{"name":"wp","href":"https:\/\/api.w.org\/{rel}","templated":true}]}}