{"id":783,"date":"2023-05-20T18:06:52","date_gmt":"2023-05-20T18:06:52","guid":{"rendered":"https:\/\/www.alpenhotelrabbi.it\/?p=783"},"modified":"2023-05-20T18:06:52","modified_gmt":"2023-05-20T18:06:52","slug":"kohl-apfel-und-kaesesalat","status":"publish","type":"post","link":"https:\/\/www.alpenhotelrabbi.it\/de\/2023\/05\/20\/kohl-apfel-und-kaesesalat\/","title":{"rendered":"Kohl-, Apfel- und K\u00e4sesalat"},"content":{"rendered":"<p>Hallo alle zusammen! Ich hoffe, es geht euch allen gut! Ich m\u00f6chte nicht \u00fcber die schwierige Situation sprechen, wir wissen alle genug dar\u00fcber! Heute m\u00f6chte ich ein St\u00fcck Trentino in eure H\u00e4user bringen und die Aromen des Val di Rabbi auf den Tisch bringen, um an die Urlaube im Alpen Hotel Rabbi zu erinnern. Ich freue mich darauf, euch wiederzusehen, und ich bin sicher, es wird wunderbar sein!<\/p>\n<p>Probiert diesen einfachen Salat als Vorspeise mit Carne Salada oder als Beilage zu einer Auswahl von Aufschnitt, am besten aus dem Trentino, begleitet von einem Glas Marzemino.<\/p>\n","protected":false},"excerpt":{"rendered":"<p>Hallo alle zusammen! Ich hoffe, es geht euch allen gut! Ich m\u00f6chte nicht \u00fcber die schwierige Situation sprechen, wir wissen alle genug dar\u00fcber! Heute m\u00f6chte ich ein St\u00fcck Trentino in eure H\u00e4user bringen und die Aromen des Val di Rabbi auf den Tisch bringen, um an die Urlaube im Alpen Hotel Rabbi zu erinnern. Ich [&hellip;]<\/p>\n","protected":false},"author":11,"featured_media":0,"comment_status":"open","ping_status":"open","sticky":false,"template":"","format":"standard","meta":{"footnotes":""},"categories":[34,38],"tags":[70,75],"class_list":["post-783","post","type-post","status-publish","format-standard","hentry","category-contorni","category-vorspeisen","tag-beilagen","tag-vorspeisen"],"yoast_head":"<!-- This site is optimized with the Yoast SEO plugin v27.3 - https:\/\/yoast.com\/product\/yoast-seo-wordpress\/ -->\n<title>Kohl-, Apfel- und K\u00e4sesalat - Alpen Hotel Rabbi<\/title>\n<meta name=\"description\" content=\"Hallo alle zusammen! Ich hoffe, es geht euch allen gut! Ich m\u00f6chte nicht \u00fcber die schwierige Situation sprechen, wir wissen alle genug dar\u00fcber! Heute m\u00f6chte ich ein St\u00fcck Trentino in eure H\u00e4user bringen und die Aromen des Val di Rabbi auf den Tisch bringen, um an die Urlaube im Alpen Hotel Rabbi zu erinnern. Ich freue mich darauf, euch wiederzusehen, und ich bin sicher, es wird wunderbar sein!  Probiert diesen einfachen Salat als Vorspeise mit Carne Salada oder als Beilage zu einer Auswahl von Aufschnitt, am besten aus dem Trentino, begleitet von einem Glas Marzemino.\" \/>\n<meta name=\"robots\" content=\"index, follow, max-snippet:-1, max-image-preview:large, max-video-preview:-1\" \/>\n<link rel=\"canonical\" href=\"https:\/\/www.alpenhotelrabbi.it\/de\/2023\/05\/20\/kohl-apfel-und-kaesesalat\/\" \/>\n<meta property=\"og:locale\" content=\"de_DE\" \/>\n<meta property=\"og:type\" content=\"article\" \/>\n<meta property=\"og:title\" content=\"Kohl-, Apfel- und K\u00e4sesalat - Alpen Hotel Rabbi\" \/>\n<meta property=\"og:description\" content=\"Hallo alle zusammen! Ich hoffe, es geht euch allen gut! Ich m\u00f6chte nicht \u00fcber die schwierige Situation sprechen, wir wissen alle genug dar\u00fcber! Heute m\u00f6chte ich ein St\u00fcck Trentino in eure H\u00e4user bringen und die Aromen des Val di Rabbi auf den Tisch bringen, um an die Urlaube im Alpen Hotel Rabbi zu erinnern. Ich freue mich darauf, euch wiederzusehen, und ich bin sicher, es wird wunderbar sein!  Probiert diesen einfachen Salat als Vorspeise mit Carne Salada oder als Beilage zu einer Auswahl von Aufschnitt, am besten aus dem Trentino, begleitet von einem Glas Marzemino.\" \/>\n<meta property=\"og:url\" content=\"https:\/\/www.alpenhotelrabbi.it\/de\/2023\/05\/20\/kohl-apfel-und-kaesesalat\/\" \/>\n<meta property=\"og:site_name\" content=\"Alpen Hotel Rabbi\" \/>\n<meta property=\"article:published_time\" content=\"2023-05-20T18:06:52+00:00\" \/>\n<meta name=\"author\" content=\"aboscaro\" \/>\n<meta name=\"twitter:card\" content=\"summary_large_image\" \/>\n<meta name=\"twitter:label1\" content=\"Verfasst von\" \/>\n\t<meta name=\"twitter:data1\" content=\"aboscaro\" \/>\n\t<meta name=\"twitter:label2\" content=\"Gesch\u00e4tzte Lesezeit\" \/>\n\t<meta name=\"twitter:data2\" content=\"1 Minute\" \/>\n<script type=\"application\/ld+json\" class=\"yoast-schema-graph\">{\"@context\":\"https:\\\/\\\/schema.org\",\"@graph\":[{\"@type\":\"Article\",\"@id\":\"https:\\\/\\\/www.alpenhotelrabbi.it\\\/de\\\/2023\\\/05\\\/20\\\/kohl-apfel-und-kaesesalat\\\/#article\",\"isPartOf\":{\"@id\":\"https:\\\/\\\/www.alpenhotelrabbi.it\\\/de\\\/2023\\\/05\\\/20\\\/kohl-apfel-und-kaesesalat\\\/\"},\"author\":{\"name\":\"aboscaro\",\"@id\":\"https:\\\/\\\/www.alpenhotelrabbi.it\\\/de\\\/#\\\/schema\\\/person\\\/80c68ca87e2304bd5a0e6527e9c89bef\"},\"headline\":\"Kohl-, Apfel- und K\u00e4sesalat\",\"datePublished\":\"2023-05-20T18:06:52+00:00\",\"mainEntityOfPage\":{\"@id\":\"https:\\\/\\\/www.alpenhotelrabbi.it\\\/de\\\/2023\\\/05\\\/20\\\/kohl-apfel-und-kaesesalat\\\/\"},\"wordCount\":105,\"commentCount\":0,\"keywords\":[\"Beilagen\",\"Vorspeisen\"],\"articleSection\":[\"Contorni\",\"Vorspeisen\"],\"inLanguage\":\"de-DE\",\"potentialAction\":[{\"@type\":\"CommentAction\",\"name\":\"Comment\",\"target\":[\"https:\\\/\\\/www.alpenhotelrabbi.it\\\/de\\\/2023\\\/05\\\/20\\\/kohl-apfel-und-kaesesalat\\\/#respond\"]}]},{\"@type\":\"WebPage\",\"@id\":\"https:\\\/\\\/www.alpenhotelrabbi.it\\\/de\\\/2023\\\/05\\\/20\\\/kohl-apfel-und-kaesesalat\\\/\",\"url\":\"https:\\\/\\\/www.alpenhotelrabbi.it\\\/de\\\/2023\\\/05\\\/20\\\/kohl-apfel-und-kaesesalat\\\/\",\"name\":\"Kohl-, Apfel- und K\u00e4sesalat - Alpen Hotel Rabbi\",\"isPartOf\":{\"@id\":\"https:\\\/\\\/www.alpenhotelrabbi.it\\\/de\\\/#website\"},\"datePublished\":\"2023-05-20T18:06:52+00:00\",\"author\":{\"@id\":\"https:\\\/\\\/www.alpenhotelrabbi.it\\\/de\\\/#\\\/schema\\\/person\\\/80c68ca87e2304bd5a0e6527e9c89bef\"},\"description\":\"Hallo alle zusammen! Ich hoffe, es geht euch allen gut! Ich m\u00f6chte nicht \u00fcber die schwierige Situation sprechen, wir wissen alle genug dar\u00fcber! Heute m\u00f6chte ich ein St\u00fcck Trentino in eure H\u00e4user bringen und die Aromen des Val di Rabbi auf den Tisch bringen, um an die Urlaube im Alpen Hotel Rabbi zu erinnern. Ich freue mich darauf, euch wiederzusehen, und ich bin sicher, es wird wunderbar sein! Probiert diesen einfachen Salat als Vorspeise mit Carne Salada oder als Beilage zu einer Auswahl von Aufschnitt, am besten aus dem Trentino, begleitet von einem Glas Marzemino.\",\"breadcrumb\":{\"@id\":\"https:\\\/\\\/www.alpenhotelrabbi.it\\\/de\\\/2023\\\/05\\\/20\\\/kohl-apfel-und-kaesesalat\\\/#breadcrumb\"},\"inLanguage\":\"de-DE\",\"potentialAction\":[{\"@type\":\"ReadAction\",\"target\":[\"https:\\\/\\\/www.alpenhotelrabbi.it\\\/de\\\/2023\\\/05\\\/20\\\/kohl-apfel-und-kaesesalat\\\/\"]}]},{\"@type\":\"BreadcrumbList\",\"@id\":\"https:\\\/\\\/www.alpenhotelrabbi.it\\\/de\\\/2023\\\/05\\\/20\\\/kohl-apfel-und-kaesesalat\\\/#breadcrumb\",\"itemListElement\":[{\"@type\":\"ListItem\",\"position\":1,\"name\":\"Home\",\"item\":\"https:\\\/\\\/www.alpenhotelrabbi.it\\\/de\\\/\"},{\"@type\":\"ListItem\",\"position\":2,\"name\":\"Kohl-, Apfel- und K\u00e4sesalat\"}]},{\"@type\":\"WebSite\",\"@id\":\"https:\\\/\\\/www.alpenhotelrabbi.it\\\/de\\\/#website\",\"url\":\"https:\\\/\\\/www.alpenhotelrabbi.it\\\/de\\\/\",\"name\":\"Alpen Hotel Rabbi\",\"description\":\"\",\"potentialAction\":[{\"@type\":\"SearchAction\",\"target\":{\"@type\":\"EntryPoint\",\"urlTemplate\":\"https:\\\/\\\/www.alpenhotelrabbi.it\\\/de\\\/?s={search_term_string}\"},\"query-input\":{\"@type\":\"PropertyValueSpecification\",\"valueRequired\":true,\"valueName\":\"search_term_string\"}}],\"inLanguage\":\"de-DE\"},{\"@type\":\"Person\",\"@id\":\"https:\\\/\\\/www.alpenhotelrabbi.it\\\/de\\\/#\\\/schema\\\/person\\\/80c68ca87e2304bd5a0e6527e9c89bef\",\"name\":\"aboscaro\",\"image\":{\"@type\":\"ImageObject\",\"inLanguage\":\"de-DE\",\"@id\":\"https:\\\/\\\/secure.gravatar.com\\\/avatar\\\/4a5bba811e42efc2b788b99a173a4bd294a6f5fbe0c1c11b1d6b89922abcfe66?s=96&d=mm&r=g\",\"url\":\"https:\\\/\\\/secure.gravatar.com\\\/avatar\\\/4a5bba811e42efc2b788b99a173a4bd294a6f5fbe0c1c11b1d6b89922abcfe66?s=96&d=mm&r=g\",\"contentUrl\":\"https:\\\/\\\/secure.gravatar.com\\\/avatar\\\/4a5bba811e42efc2b788b99a173a4bd294a6f5fbe0c1c11b1d6b89922abcfe66?s=96&d=mm&r=g\",\"caption\":\"aboscaro\"},\"url\":\"https:\\\/\\\/www.alpenhotelrabbi.it\\\/de\\\/author\\\/aboscaro\\\/\"}]}<\/script>\n<!-- \/ Yoast SEO plugin. -->","yoast_head_json":{"title":"Kohl-, Apfel- und K\u00e4sesalat - Alpen Hotel Rabbi","description":"Hallo alle zusammen! Ich hoffe, es geht euch allen gut! Ich m\u00f6chte nicht \u00fcber die schwierige Situation sprechen, wir wissen alle genug dar\u00fcber! Heute m\u00f6chte ich ein St\u00fcck Trentino in eure H\u00e4user bringen und die Aromen des Val di Rabbi auf den Tisch bringen, um an die Urlaube im Alpen Hotel Rabbi zu erinnern. Ich freue mich darauf, euch wiederzusehen, und ich bin sicher, es wird wunderbar sein!  Probiert diesen einfachen Salat als Vorspeise mit Carne Salada oder als Beilage zu einer Auswahl von Aufschnitt, am besten aus dem Trentino, begleitet von einem Glas Marzemino.","robots":{"index":"index","follow":"follow","max-snippet":"max-snippet:-1","max-image-preview":"max-image-preview:large","max-video-preview":"max-video-preview:-1"},"canonical":"https:\/\/www.alpenhotelrabbi.it\/de\/2023\/05\/20\/kohl-apfel-und-kaesesalat\/","og_locale":"de_DE","og_type":"article","og_title":"Kohl-, Apfel- und K\u00e4sesalat - Alpen Hotel Rabbi","og_description":"Hallo alle zusammen! Ich hoffe, es geht euch allen gut! Ich m\u00f6chte nicht \u00fcber die schwierige Situation sprechen, wir wissen alle genug dar\u00fcber! Heute m\u00f6chte ich ein St\u00fcck Trentino in eure H\u00e4user bringen und die Aromen des Val di Rabbi auf den Tisch bringen, um an die Urlaube im Alpen Hotel Rabbi zu erinnern. Ich freue mich darauf, euch wiederzusehen, und ich bin sicher, es wird wunderbar sein!  Probiert diesen einfachen Salat als Vorspeise mit Carne Salada oder als Beilage zu einer Auswahl von Aufschnitt, am besten aus dem Trentino, begleitet von einem Glas Marzemino.","og_url":"https:\/\/www.alpenhotelrabbi.it\/de\/2023\/05\/20\/kohl-apfel-und-kaesesalat\/","og_site_name":"Alpen Hotel Rabbi","article_published_time":"2023-05-20T18:06:52+00:00","author":"aboscaro","twitter_card":"summary_large_image","twitter_misc":{"Verfasst von":"aboscaro","Gesch\u00e4tzte Lesezeit":"1 Minute"},"schema":{"@context":"https:\/\/schema.org","@graph":[{"@type":"Article","@id":"https:\/\/www.alpenhotelrabbi.it\/de\/2023\/05\/20\/kohl-apfel-und-kaesesalat\/#article","isPartOf":{"@id":"https:\/\/www.alpenhotelrabbi.it\/de\/2023\/05\/20\/kohl-apfel-und-kaesesalat\/"},"author":{"name":"aboscaro","@id":"https:\/\/www.alpenhotelrabbi.it\/de\/#\/schema\/person\/80c68ca87e2304bd5a0e6527e9c89bef"},"headline":"Kohl-, Apfel- und K\u00e4sesalat","datePublished":"2023-05-20T18:06:52+00:00","mainEntityOfPage":{"@id":"https:\/\/www.alpenhotelrabbi.it\/de\/2023\/05\/20\/kohl-apfel-und-kaesesalat\/"},"wordCount":105,"commentCount":0,"keywords":["Beilagen","Vorspeisen"],"articleSection":["Contorni","Vorspeisen"],"inLanguage":"de-DE","potentialAction":[{"@type":"CommentAction","name":"Comment","target":["https:\/\/www.alpenhotelrabbi.it\/de\/2023\/05\/20\/kohl-apfel-und-kaesesalat\/#respond"]}]},{"@type":"WebPage","@id":"https:\/\/www.alpenhotelrabbi.it\/de\/2023\/05\/20\/kohl-apfel-und-kaesesalat\/","url":"https:\/\/www.alpenhotelrabbi.it\/de\/2023\/05\/20\/kohl-apfel-und-kaesesalat\/","name":"Kohl-, Apfel- und K\u00e4sesalat - Alpen Hotel Rabbi","isPartOf":{"@id":"https:\/\/www.alpenhotelrabbi.it\/de\/#website"},"datePublished":"2023-05-20T18:06:52+00:00","author":{"@id":"https:\/\/www.alpenhotelrabbi.it\/de\/#\/schema\/person\/80c68ca87e2304bd5a0e6527e9c89bef"},"description":"Hallo alle zusammen! Ich hoffe, es geht euch allen gut! Ich m\u00f6chte nicht \u00fcber die schwierige Situation sprechen, wir wissen alle genug dar\u00fcber! Heute m\u00f6chte ich ein St\u00fcck Trentino in eure H\u00e4user bringen und die Aromen des Val di Rabbi auf den Tisch bringen, um an die Urlaube im Alpen Hotel Rabbi zu erinnern. Ich freue mich darauf, euch wiederzusehen, und ich bin sicher, es wird wunderbar sein! Probiert diesen einfachen Salat als Vorspeise mit Carne Salada oder als Beilage zu einer Auswahl von Aufschnitt, am besten aus dem Trentino, begleitet von einem Glas Marzemino.","breadcrumb":{"@id":"https:\/\/www.alpenhotelrabbi.it\/de\/2023\/05\/20\/kohl-apfel-und-kaesesalat\/#breadcrumb"},"inLanguage":"de-DE","potentialAction":[{"@type":"ReadAction","target":["https:\/\/www.alpenhotelrabbi.it\/de\/2023\/05\/20\/kohl-apfel-und-kaesesalat\/"]}]},{"@type":"BreadcrumbList","@id":"https:\/\/www.alpenhotelrabbi.it\/de\/2023\/05\/20\/kohl-apfel-und-kaesesalat\/#breadcrumb","itemListElement":[{"@type":"ListItem","position":1,"name":"Home","item":"https:\/\/www.alpenhotelrabbi.it\/de\/"},{"@type":"ListItem","position":2,"name":"Kohl-, Apfel- und K\u00e4sesalat"}]},{"@type":"WebSite","@id":"https:\/\/www.alpenhotelrabbi.it\/de\/#website","url":"https:\/\/www.alpenhotelrabbi.it\/de\/","name":"Alpen Hotel Rabbi","description":"","potentialAction":[{"@type":"SearchAction","target":{"@type":"EntryPoint","urlTemplate":"https:\/\/www.alpenhotelrabbi.it\/de\/?s={search_term_string}"},"query-input":{"@type":"PropertyValueSpecification","valueRequired":true,"valueName":"search_term_string"}}],"inLanguage":"de-DE"},{"@type":"Person","@id":"https:\/\/www.alpenhotelrabbi.it\/de\/#\/schema\/person\/80c68ca87e2304bd5a0e6527e9c89bef","name":"aboscaro","image":{"@type":"ImageObject","inLanguage":"de-DE","@id":"https:\/\/secure.gravatar.com\/avatar\/4a5bba811e42efc2b788b99a173a4bd294a6f5fbe0c1c11b1d6b89922abcfe66?s=96&d=mm&r=g","url":"https:\/\/secure.gravatar.com\/avatar\/4a5bba811e42efc2b788b99a173a4bd294a6f5fbe0c1c11b1d6b89922abcfe66?s=96&d=mm&r=g","contentUrl":"https:\/\/secure.gravatar.com\/avatar\/4a5bba811e42efc2b788b99a173a4bd294a6f5fbe0c1c11b1d6b89922abcfe66?s=96&d=mm&r=g","caption":"aboscaro"},"url":"https:\/\/www.alpenhotelrabbi.it\/de\/author\/aboscaro\/"}]}},"acf":[],"_links":{"self":[{"href":"https:\/\/www.alpenhotelrabbi.it\/de\/wp-json\/wp\/v2\/posts\/783","targetHints":{"allow":["GET"]}}],"collection":[{"href":"https:\/\/www.alpenhotelrabbi.it\/de\/wp-json\/wp\/v2\/posts"}],"about":[{"href":"https:\/\/www.alpenhotelrabbi.it\/de\/wp-json\/wp\/v2\/types\/post"}],"author":[{"embeddable":true,"href":"https:\/\/www.alpenhotelrabbi.it\/de\/wp-json\/wp\/v2\/users\/11"}],"replies":[{"embeddable":true,"href":"https:\/\/www.alpenhotelrabbi.it\/de\/wp-json\/wp\/v2\/comments?post=783"}],"version-history":[{"count":0,"href":"https:\/\/www.alpenhotelrabbi.it\/de\/wp-json\/wp\/v2\/posts\/783\/revisions"}],"wp:attachment":[{"href":"https:\/\/www.alpenhotelrabbi.it\/de\/wp-json\/wp\/v2\/media?parent=783"}],"wp:term":[{"taxonomy":"category","embeddable":true,"href":"https:\/\/www.alpenhotelrabbi.it\/de\/wp-json\/wp\/v2\/categories?post=783"},{"taxonomy":"post_tag","embeddable":true,"href":"https:\/\/www.alpenhotelrabbi.it\/de\/wp-json\/wp\/v2\/tags?post=783"}],"curies":[{"name":"wp","href":"https:\/\/api.w.org\/{rel}","templated":true}]}}